{"id":4754,"date":"2024-11-08T02:05:36","date_gmt":"2024-11-08T02:05:36","guid":{"rendered":"https:\/\/fahub.org.br\/?p=4754"},"modified":"2024-11-08T02:18:31","modified_gmt":"2024-11-08T02:18:31","slug":"elementor-4754","status":"publish","type":"post","link":"https:\/\/fahub.org.br\/?p=4754","title":{"rendered":"COMUNICADO DE REAJUSTE: PLANO ODONTOL\u00d3GICO E SERVI\u00c7O DE AMBUL\u00c2NCIA"},"content":{"rendered":"\t\t<div data-elementor-type=\"wp-post\" data-elementor-id=\"4754\" class=\"elementor elementor-4754\" data-elementor-post-type=\"post\">\n\t\t\t\t<div class=\"elementor-element elementor-element-7d82957 e-flex e-con-boxed e-con e-parent\" data-id=\"7d82957\" data-element_type=\"container\" data-e-type=\"container\">\n\t\t\t\t\t<div class=\"e-con-inner\">\n\t\t\t\t<div class=\"elementor-element elementor-element-ed00588 elementor-widget elementor-widget-spacer\" data-id=\"ed00588\" data-element_type=\"widget\" data-e-type=\"widget\" data-widget_type=\"spacer.default\">\n\t\t\t\t<div class=\"elementor-widget-container\">\n\t\t\t\t\t\t\t<div class=\"elementor-spacer\">\n\t\t\t<div class=\"elementor-spacer-inner\"><\/div>\n\t\t<\/div>\n\t\t\t\t\t\t<\/div>\n\t\t\t\t<\/div>\n\t\t\t\t\t<\/div>\n\t\t\t\t<\/div>\n\t\t<div class=\"elementor-element elementor-element-81152f8 e-flex e-con-boxed e-con e-parent\" data-id=\"81152f8\" data-element_type=\"container\" data-e-type=\"container\" data-settings=\"{&quot;background_background&quot;:&quot;gradient&quot;}\">\n\t\t\t\t\t<div class=\"e-con-inner\">\n\t\t<div class=\"elementor-element elementor-element-7458322 e-con-full e-flex e-con e-child\" data-id=\"7458322\" data-element_type=\"container\" data-e-type=\"container\">\n\t\t\t\t<\/div>\n\t\t<div class=\"elementor-element elementor-element-10125fc e-con-full e-flex e-con e-child\" data-id=\"10125fc\" data-element_type=\"container\" data-e-type=\"container\">\n\t\t\t\t<div class=\"elementor-element elementor-element-2b4b7c9 elementor-widget elementor-widget-image\" data-id=\"2b4b7c9\" data-element_type=\"widget\" data-e-type=\"widget\" data-widget_type=\"image.default\">\n\t\t\t\t<div class=\"elementor-widget-container\">\n\t\t\t\t\t\t\t\t\t\t\t\t\t\t\t<img fetchpriority=\"high\" decoding=\"async\" width=\"768\" height=\"194\" src=\"https:\/\/fahub.org.br\/wp-content\/uploads\/2023\/11\/logo-1-768x194.png\" class=\"attachment-medium_large size-medium_large wp-image-3884\" alt=\"\" srcset=\"https:\/\/fahub.org.br\/wp-content\/uploads\/2023\/11\/logo-1-768x194.png 768w, https:\/\/fahub.org.br\/wp-content\/uploads\/2023\/11\/logo-1-300x76.png 300w, https:\/\/fahub.org.br\/wp-content\/uploads\/2023\/11\/logo-1-1024x259.png 1024w, https:\/\/fahub.org.br\/wp-content\/uploads\/2023\/11\/logo-1-1536x389.png 1536w, https:\/\/fahub.org.br\/wp-content\/uploads\/2023\/11\/logo-1-2048x519.png 2048w, https:\/\/fahub.org.br\/wp-content\/uploads\/2023\/11\/logo-1-600x152.png 600w\" sizes=\"(max-width: 768px) 100vw, 768px\" \/>\t\t\t\t\t\t\t\t\t\t\t\t\t\t\t<\/div>\n\t\t\t\t<\/div>\n\t\t\t\t<\/div>\n\t\t<div class=\"elementor-element elementor-element-10ea365 e-con-full e-flex e-con e-child\" data-id=\"10ea365\" data-element_type=\"container\" data-e-type=\"container\">\n\t\t\t\t<\/div>\n\t\t<div class=\"elementor-element elementor-element-96133d5 e-con-full e-flex e-con e-child\" data-id=\"96133d5\" data-element_type=\"container\" data-e-type=\"container\">\n\t\t\t\t<\/div>\n\t\t\t\t\t<\/div>\n\t\t\t\t<\/div>\n\t\t<div class=\"elementor-element elementor-element-ed2143c e-flex e-con-boxed e-con e-parent\" data-id=\"ed2143c\" data-element_type=\"container\" data-e-type=\"container\" data-settings=\"{&quot;background_background&quot;:&quot;gradient&quot;}\">\n\t\t\t\t\t<div class=\"e-con-inner\">\n\t\t\t\t<div class=\"elementor-element elementor-element-5164bde elementor-widget elementor-widget-spacer\" data-id=\"5164bde\" data-element_type=\"widget\" data-e-type=\"widget\" data-widget_type=\"spacer.default\">\n\t\t\t\t<div class=\"elementor-widget-container\">\n\t\t\t\t\t\t\t<div class=\"elementor-spacer\">\n\t\t\t<div class=\"elementor-spacer-inner\"><\/div>\n\t\t<\/div>\n\t\t\t\t\t\t<\/div>\n\t\t\t\t<\/div>\n\t\t\t\t\t<\/div>\n\t\t\t\t<\/div>\n\t\t<div class=\"elementor-element elementor-element-000ca29 e-flex e-con-boxed e-con e-parent\" data-id=\"000ca29\" data-element_type=\"container\" data-e-type=\"container\">\n\t\t\t\t\t<div class=\"e-con-inner\">\n\t\t\t\t<div class=\"elementor-element elementor-element-e410d1b elementor-widget elementor-widget-heading\" data-id=\"e410d1b\" data-element_type=\"widget\" data-e-type=\"widget\" data-widget_type=\"heading.default\">\n\t\t\t\t<div class=\"elementor-widget-container\">\n\t\t\t\t\t<h3 class=\"elementor-heading-title elementor-size-default\">COMUNICADO DE REAJUSTE:\n<\/h3>\t\t\t\t<\/div>\n\t\t\t\t<\/div>\n\t\t\t\t\t<\/div>\n\t\t\t\t<\/div>\n\t\t<div class=\"elementor-element elementor-element-26c8a16 e-flex e-con-boxed e-con e-parent\" data-id=\"26c8a16\" data-element_type=\"container\" data-e-type=\"container\" data-settings=\"{&quot;background_background&quot;:&quot;gradient&quot;}\">\n\t\t\t\t\t<div class=\"e-con-inner\">\n\t\t\t\t<div class=\"elementor-element elementor-element-fc8a32b elementor-widget elementor-widget-heading\" data-id=\"fc8a32b\" data-element_type=\"widget\" data-e-type=\"widget\" data-widget_type=\"heading.default\">\n\t\t\t\t<div class=\"elementor-widget-container\">\n\t\t\t\t\t<h3 class=\"elementor-heading-title elementor-size-default\">PLANO ODONTOL\u00d3GICO E SERVI\u00c7O DE AMBUL\u00c2NCIA<\/h3>\t\t\t\t<\/div>\n\t\t\t\t<\/div>\n\t\t\t\t\t<\/div>\n\t\t\t\t<\/div>\n\t\t<div class=\"elementor-element elementor-element-b9cbb63 e-flex e-con-boxed e-con e-parent\" data-id=\"b9cbb63\" data-element_type=\"container\" data-e-type=\"container\">\n\t\t\t\t\t<div class=\"e-con-inner\">\n\t\t\t\t<div class=\"elementor-element elementor-element-e1fe511 elementor-widget elementor-widget-spacer\" data-id=\"e1fe511\" data-element_type=\"widget\" data-e-type=\"widget\" data-widget_type=\"spacer.default\">\n\t\t\t\t<div class=\"elementor-widget-container\">\n\t\t\t\t\t\t\t<div class=\"elementor-spacer\">\n\t\t\t<div class=\"elementor-spacer-inner\"><\/div>\n\t\t<\/div>\n\t\t\t\t\t\t<\/div>\n\t\t\t\t<\/div>\n\t\t\t\t\t<\/div>\n\t\t\t\t<\/div>\n\t\t<div class=\"elementor-element elementor-element-d04fb02 e-flex e-con-boxed e-con e-parent\" data-id=\"d04fb02\" data-element_type=\"container\" data-e-type=\"container\">\n\t\t\t\t\t<div class=\"e-con-inner\">\n\t\t<div class=\"elementor-element elementor-element-84bc99c e-con-full e-flex e-con e-child\" data-id=\"84bc99c\" data-element_type=\"container\" data-e-type=\"container\">\n\t\t\t\t<\/div>\n\t\t<div class=\"elementor-element elementor-element-78d9da5 e-con-full e-flex e-con e-child\" data-id=\"78d9da5\" data-element_type=\"container\" data-e-type=\"container\">\n\t\t\t\t<div class=\"elementor-element elementor-element-979878d elementor-widget elementor-widget-text-editor\" data-id=\"979878d\" data-element_type=\"widget\" data-e-type=\"widget\" data-widget_type=\"text-editor.default\">\n\t\t\t\t<div class=\"elementor-widget-container\">\n\t\t\t\t\t\t\t\t\t<p>Prezados(as) Usu\u00e1rios(as),<\/p><p>Informamos que, conforme estabelecido, o reajuste dos planos odontol\u00f3gico e ambulatorial ocorre anualmente em novembro. Sendo assim, a partir de novembro de 2024, haver\u00e1 um reajuste nos valores desses planos de assist\u00eancia.<\/p><p>Esse ajuste \u00e9 realizado pela operadora de sa\u00fade, considerando fatores como a infla\u00e7\u00e3o m\u00e9dica e o \u00edndice de sinistralidade, que refletem o aumento dos custos de opera\u00e7\u00e3o e manuten\u00e7\u00e3o dos servi\u00e7os. Ressaltamos que a FAHUB se esfor\u00e7a ao m\u00e1ximo para n\u00e3o aplicar reajustes nos produtos; entretanto, n\u00e3o foi poss\u00edvel evitar o ajuste deste ano.<\/p><p>Os novos valores, v\u00e1lidos a partir de novembro de 2024, s\u00e3o:<br \/>\u2022 Plano Odontol\u00f3gico: R$ 42,50 (quarenta e dois reais e cinquenta centavos) por dependente.<br \/>\u2022 Plano Ambul\u00e2ncia: R$ 27,50 (vinte e sete reais e cinquenta centavos) por dependente.<br \/><br \/>Lembramos que os titulares continuar\u00e3o isentos de qualquer valor referente a esses benef\u00edcios.<\/p><p>Devido a quest\u00f5es administrativas e de processamento banc\u00e1rio, o valor proporcional referente ao m\u00eas de novembro ser\u00e1 cobrado de forma cumulativa junto \u00e0 mensalidade de dezembro.<\/p><p>Agradecemos a compreens\u00e3o de todos e estamos \u00e0 disposi\u00e7\u00e3o para esclarecer eventuais d\u00favidas.<\/p><p>Atenciosamente,<br \/>Diretoria FAHUB<\/p>\t\t\t\t\t\t\t\t<\/div>\n\t\t\t\t<\/div>\n\t\t\t\t<\/div>\n\t\t<div class=\"elementor-element elementor-element-f42ec43 e-con-full e-flex e-con e-child\" data-id=\"f42ec43\" data-element_type=\"container\" data-e-type=\"container\">\n\t\t\t\t<\/div>\n\t\t\t\t\t<\/div>\n\t\t\t\t<\/div>\n\t\t\t\t<\/div>\n\t\t","protected":false},"excerpt":{"rendered":"<p>COMUNICADO DE REAJUSTE: PLANO ODONTOL\u00d3GICO E SERVI\u00c7O DE AMBUL\u00c2NCIA Prezados(as) Usu\u00e1rios(as), Informamos que, conforme estabelecido, o reajuste dos planos odontol\u00f3gico e ambulatorial ocorre anualmente em novembro. Sendo assim, a partir de novembro de 2024, haver\u00e1 um reajuste nos valores desses planos de assist\u00eancia. Esse ajuste \u00e9 realizado pela operadora de sa\u00fade, considerando fatores como a [&hellip;]<\/p>\n","protected":false},"author":1,"featured_media":0,"comment_status":"closed","ping_status":"open","sticky":false,"template":"","format":"standard","meta":{"footnotes":""},"categories":[1],"tags":[],"class_list":["post-4754","post","type-post","status-publish","format-standard","hentry","category-noticias"],"yoast_head":"<!-- This site is optimized with the Yoast SEO plugin v21.9.1 - https:\/\/yoast.com\/wordpress\/plugins\/seo\/ -->\n<title>COMUNICADO DE REAJUSTE: PLANO ODONTOL\u00d3GICO E SERVI\u00c7O DE AMBUL\u00c2NCIA - FAHUB<\/title>\n<meta name=\"robots\" content=\"index, follow, max-snippet:-1, max-image-preview:large, max-video-preview:-1\" \/>\n<link rel=\"canonical\" href=\"https:\/\/fahub.org.br\/?p=4754\" \/>\n<meta property=\"og:locale\" content=\"pt_BR\" \/>\n<meta property=\"og:type\" content=\"article\" \/>\n<meta property=\"og:title\" content=\"COMUNICADO DE REAJUSTE: PLANO ODONTOL\u00d3GICO E SERVI\u00c7O DE AMBUL\u00c2NCIA - FAHUB\" \/>\n<meta property=\"og:description\" content=\"COMUNICADO DE REAJUSTE: PLANO ODONTOL\u00d3GICO E SERVI\u00c7O DE AMBUL\u00c2NCIA Prezados(as) Usu\u00e1rios(as), Informamos que, conforme estabelecido, o reajuste dos planos odontol\u00f3gico e ambulatorial ocorre anualmente em novembro. Sendo assim, a partir de novembro de 2024, haver\u00e1 um reajuste nos valores desses planos de assist\u00eancia. Esse ajuste \u00e9 realizado pela operadora de sa\u00fade, considerando fatores como a [&hellip;]\" \/>\n<meta property=\"og:url\" content=\"https:\/\/fahub.org.br\/?p=4754\" \/>\n<meta property=\"og:site_name\" content=\"FAHUB\" \/>\n<meta property=\"article:published_time\" content=\"2024-11-08T02:05:36+00:00\" \/>\n<meta property=\"article:modified_time\" content=\"2024-11-08T02:18:31+00:00\" \/>\n<meta property=\"og:image\" content=\"https:\/\/fahub.org.br\/wp-content\/uploads\/2023\/11\/logo-1-768x194.png\" \/>\n<meta name=\"author\" content=\"admin\" \/>\n<meta name=\"twitter:card\" content=\"summary_large_image\" \/>\n<meta name=\"twitter:label1\" content=\"Escrito por\" \/>\n\t<meta name=\"twitter:data1\" content=\"admin\" \/>\n\t<meta name=\"twitter:label2\" content=\"Est. tempo de leitura\" \/>\n\t<meta name=\"twitter:data2\" content=\"2 minutos\" \/>\n<script type=\"application\/ld+json\" class=\"yoast-schema-graph\">{\"@context\":\"https:\/\/schema.org\",\"@graph\":[{\"@type\":\"Article\",\"@id\":\"https:\/\/fahub.org.br\/?p=4754#article\",\"isPartOf\":{\"@id\":\"https:\/\/fahub.org.br\/?p=4754\"},\"author\":{\"name\":\"admin\",\"@id\":\"https:\/\/fahub.org.br\/#\/schema\/person\/e6a55e7e8e278cc47aaf6d96f4b9cc88\"},\"headline\":\"COMUNICADO DE REAJUSTE: PLANO ODONTOL\u00d3GICO E SERVI\u00c7O DE AMBUL\u00c2NCIA\",\"datePublished\":\"2024-11-08T02:05:36+00:00\",\"dateModified\":\"2024-11-08T02:18:31+00:00\",\"mainEntityOfPage\":{\"@id\":\"https:\/\/fahub.org.br\/?p=4754\"},\"wordCount\":225,\"publisher\":{\"@id\":\"https:\/\/fahub.org.br\/#organization\"},\"articleSection\":[\"Noticias\"],\"inLanguage\":\"pt-BR\"},{\"@type\":\"WebPage\",\"@id\":\"https:\/\/fahub.org.br\/?p=4754\",\"url\":\"https:\/\/fahub.org.br\/?p=4754\",\"name\":\"COMUNICADO DE REAJUSTE: PLANO ODONTOL\u00d3GICO E SERVI\u00c7O DE AMBUL\u00c2NCIA - FAHUB\",\"isPartOf\":{\"@id\":\"https:\/\/fahub.org.br\/#website\"},\"datePublished\":\"2024-11-08T02:05:36+00:00\",\"dateModified\":\"2024-11-08T02:18:31+00:00\",\"breadcrumb\":{\"@id\":\"https:\/\/fahub.org.br\/?p=4754#breadcrumb\"},\"inLanguage\":\"pt-BR\",\"potentialAction\":[{\"@type\":\"ReadAction\",\"target\":[\"https:\/\/fahub.org.br\/?p=4754\"]}]},{\"@type\":\"BreadcrumbList\",\"@id\":\"https:\/\/fahub.org.br\/?p=4754#breadcrumb\",\"itemListElement\":[{\"@type\":\"ListItem\",\"position\":1,\"name\":\"In\u00edcio\",\"item\":\"https:\/\/fahub.org.br\/\"},{\"@type\":\"ListItem\",\"position\":2,\"name\":\"COMUNICADO DE REAJUSTE: PLANO ODONTOL\u00d3GICO E SERVI\u00c7O DE AMBUL\u00c2NCIA\"}]},{\"@type\":\"WebSite\",\"@id\":\"https:\/\/fahub.org.br\/#website\",\"url\":\"https:\/\/fahub.org.br\/\",\"name\":\"FAHUB\",\"description\":\"FUNDACAO DE APOIO AO DESENVOLVIMENTO CIENTIFICO E TECNOLOGICO DO HOSPITAL DA UNIVERSIDADE DE BRASILIA\",\"publisher\":{\"@id\":\"https:\/\/fahub.org.br\/#organization\"},\"potentialAction\":[{\"@type\":\"SearchAction\",\"target\":{\"@type\":\"EntryPoint\",\"urlTemplate\":\"https:\/\/fahub.org.br\/?s={search_term_string}\"},\"query-input\":\"required name=search_term_string\"}],\"inLanguage\":\"pt-BR\"},{\"@type\":\"Organization\",\"@id\":\"https:\/\/fahub.org.br\/#organization\",\"name\":\"FAHUB\",\"url\":\"https:\/\/fahub.org.br\/\",\"logo\":{\"@type\":\"ImageObject\",\"inLanguage\":\"pt-BR\",\"@id\":\"https:\/\/fahub.org.br\/#\/schema\/logo\/image\/\",\"url\":\"https:\/\/fahub.org.br\/wp-content\/uploads\/2021\/10\/Design-sem-nome-34.png\",\"contentUrl\":\"https:\/\/fahub.org.br\/wp-content\/uploads\/2021\/10\/Design-sem-nome-34.png\",\"width\":1080,\"height\":1080,\"caption\":\"FAHUB\"},\"image\":{\"@id\":\"https:\/\/fahub.org.br\/#\/schema\/logo\/image\/\"}},{\"@type\":\"Person\",\"@id\":\"https:\/\/fahub.org.br\/#\/schema\/person\/e6a55e7e8e278cc47aaf6d96f4b9cc88\",\"name\":\"admin\",\"image\":{\"@type\":\"ImageObject\",\"inLanguage\":\"pt-BR\",\"@id\":\"https:\/\/fahub.org.br\/#\/schema\/person\/image\/\",\"url\":\"https:\/\/secure.gravatar.com\/avatar\/c2c84cb1bc10ffbdba6056ffc982341d649a71902a9d3894526835a1b31f1466?s=96&d=mm&r=g\",\"contentUrl\":\"https:\/\/secure.gravatar.com\/avatar\/c2c84cb1bc10ffbdba6056ffc982341d649a71902a9d3894526835a1b31f1466?s=96&d=mm&r=g\",\"caption\":\"admin\"},\"sameAs\":[\"https:\/\/www.fahub.org.br\"],\"url\":\"https:\/\/fahub.org.br\/?author=1\"}]}<\/script>\n<!-- \/ Yoast SEO plugin. -->","yoast_head_json":{"title":"COMUNICADO DE REAJUSTE: PLANO ODONTOL\u00d3GICO E SERVI\u00c7O DE AMBUL\u00c2NCIA - FAHUB","robots":{"index":"index","follow":"follow","max-snippet":"max-snippet:-1","max-image-preview":"max-image-preview:large","max-video-preview":"max-video-preview:-1"},"canonical":"https:\/\/fahub.org.br\/?p=4754","og_locale":"pt_BR","og_type":"article","og_title":"COMUNICADO DE REAJUSTE: PLANO ODONTOL\u00d3GICO E SERVI\u00c7O DE AMBUL\u00c2NCIA - FAHUB","og_description":"COMUNICADO DE REAJUSTE: PLANO ODONTOL\u00d3GICO E SERVI\u00c7O DE AMBUL\u00c2NCIA Prezados(as) Usu\u00e1rios(as), Informamos que, conforme estabelecido, o reajuste dos planos odontol\u00f3gico e ambulatorial ocorre anualmente em novembro. Sendo assim, a partir de novembro de 2024, haver\u00e1 um reajuste nos valores desses planos de assist\u00eancia. Esse ajuste \u00e9 realizado pela operadora de sa\u00fade, considerando fatores como a [&hellip;]","og_url":"https:\/\/fahub.org.br\/?p=4754","og_site_name":"FAHUB","article_published_time":"2024-11-08T02:05:36+00:00","article_modified_time":"2024-11-08T02:18:31+00:00","og_image":[{"url":"https:\/\/fahub.org.br\/wp-content\/uploads\/2023\/11\/logo-1-768x194.png"}],"author":"admin","twitter_card":"summary_large_image","twitter_misc":{"Escrito por":"admin","Est. tempo de leitura":"2 minutos"},"schema":{"@context":"https:\/\/schema.org","@graph":[{"@type":"Article","@id":"https:\/\/fahub.org.br\/?p=4754#article","isPartOf":{"@id":"https:\/\/fahub.org.br\/?p=4754"},"author":{"name":"admin","@id":"https:\/\/fahub.org.br\/#\/schema\/person\/e6a55e7e8e278cc47aaf6d96f4b9cc88"},"headline":"COMUNICADO DE REAJUSTE: PLANO ODONTOL\u00d3GICO E SERVI\u00c7O DE AMBUL\u00c2NCIA","datePublished":"2024-11-08T02:05:36+00:00","dateModified":"2024-11-08T02:18:31+00:00","mainEntityOfPage":{"@id":"https:\/\/fahub.org.br\/?p=4754"},"wordCount":225,"publisher":{"@id":"https:\/\/fahub.org.br\/#organization"},"articleSection":["Noticias"],"inLanguage":"pt-BR"},{"@type":"WebPage","@id":"https:\/\/fahub.org.br\/?p=4754","url":"https:\/\/fahub.org.br\/?p=4754","name":"COMUNICADO DE REAJUSTE: PLANO ODONTOL\u00d3GICO E SERVI\u00c7O DE AMBUL\u00c2NCIA - FAHUB","isPartOf":{"@id":"https:\/\/fahub.org.br\/#website"},"datePublished":"2024-11-08T02:05:36+00:00","dateModified":"2024-11-08T02:18:31+00:00","breadcrumb":{"@id":"https:\/\/fahub.org.br\/?p=4754#breadcrumb"},"inLanguage":"pt-BR","potentialAction":[{"@type":"ReadAction","target":["https:\/\/fahub.org.br\/?p=4754"]}]},{"@type":"BreadcrumbList","@id":"https:\/\/fahub.org.br\/?p=4754#breadcrumb","itemListElement":[{"@type":"ListItem","position":1,"name":"In\u00edcio","item":"https:\/\/fahub.org.br\/"},{"@type":"ListItem","position":2,"name":"COMUNICADO DE REAJUSTE: PLANO ODONTOL\u00d3GICO E SERVI\u00c7O DE AMBUL\u00c2NCIA"}]},{"@type":"WebSite","@id":"https:\/\/fahub.org.br\/#website","url":"https:\/\/fahub.org.br\/","name":"FAHUB","description":"FUNDACAO DE APOIO AO DESENVOLVIMENTO CIENTIFICO E TECNOLOGICO DO HOSPITAL DA UNIVERSIDADE DE BRASILIA","publisher":{"@id":"https:\/\/fahub.org.br\/#organization"},"potentialAction":[{"@type":"SearchAction","target":{"@type":"EntryPoint","urlTemplate":"https:\/\/fahub.org.br\/?s={search_term_string}"},"query-input":"required name=search_term_string"}],"inLanguage":"pt-BR"},{"@type":"Organization","@id":"https:\/\/fahub.org.br\/#organization","name":"FAHUB","url":"https:\/\/fahub.org.br\/","logo":{"@type":"ImageObject","inLanguage":"pt-BR","@id":"https:\/\/fahub.org.br\/#\/schema\/logo\/image\/","url":"https:\/\/fahub.org.br\/wp-content\/uploads\/2021\/10\/Design-sem-nome-34.png","contentUrl":"https:\/\/fahub.org.br\/wp-content\/uploads\/2021\/10\/Design-sem-nome-34.png","width":1080,"height":1080,"caption":"FAHUB"},"image":{"@id":"https:\/\/fahub.org.br\/#\/schema\/logo\/image\/"}},{"@type":"Person","@id":"https:\/\/fahub.org.br\/#\/schema\/person\/e6a55e7e8e278cc47aaf6d96f4b9cc88","name":"admin","image":{"@type":"ImageObject","inLanguage":"pt-BR","@id":"https:\/\/fahub.org.br\/#\/schema\/person\/image\/","url":"https:\/\/secure.gravatar.com\/avatar\/c2c84cb1bc10ffbdba6056ffc982341d649a71902a9d3894526835a1b31f1466?s=96&d=mm&r=g","contentUrl":"https:\/\/secure.gravatar.com\/avatar\/c2c84cb1bc10ffbdba6056ffc982341d649a71902a9d3894526835a1b31f1466?s=96&d=mm&r=g","caption":"admin"},"sameAs":["https:\/\/www.fahub.org.br"],"url":"https:\/\/fahub.org.br\/?author=1"}]}},"_links":{"self":[{"href":"https:\/\/fahub.org.br\/index.php?rest_route=\/wp\/v2\/posts\/4754","targetHints":{"allow":["GET"]}}],"collection":[{"href":"https:\/\/fahub.org.br\/index.php?rest_route=\/wp\/v2\/posts"}],"about":[{"href":"https:\/\/fahub.org.br\/index.php?rest_route=\/wp\/v2\/types\/post"}],"author":[{"embeddable":true,"href":"https:\/\/fahub.org.br\/index.php?rest_route=\/wp\/v2\/users\/1"}],"replies":[{"embeddable":true,"href":"https:\/\/fahub.org.br\/index.php?rest_route=%2Fwp%2Fv2%2Fcomments&post=4754"}],"version-history":[{"count":20,"href":"https:\/\/fahub.org.br\/index.php?rest_route=\/wp\/v2\/posts\/4754\/revisions"}],"predecessor-version":[{"id":4777,"href":"https:\/\/fahub.org.br\/index.php?rest_route=\/wp\/v2\/posts\/4754\/revisions\/4777"}],"wp:attachment":[{"href":"https:\/\/fahub.org.br\/index.php?rest_route=%2Fwp%2Fv2%2Fmedia&parent=4754"}],"wp:term":[{"taxonomy":"category","embeddable":true,"href":"https:\/\/fahub.org.br\/index.php?rest_route=%2Fwp%2Fv2%2Fcategories&post=4754"},{"taxonomy":"post_tag","embeddable":true,"href":"https:\/\/fahub.org.br\/index.php?rest_route=%2Fwp%2Fv2%2Ftags&post=4754"}],"curies":[{"name":"wp","href":"https:\/\/api.w.org\/{rel}","templated":true}]}}